{"id":4698,"date":"2011-10-10T19:31:14","date_gmt":"2011-10-10T19:31:14","guid":{"rendered":"http:\/\/sorridentsfranchising.wordpress.com\/?p=4698"},"modified":"2011-10-10T19:31:14","modified_gmt":"2011-10-10T19:31:14","slug":"campanha-contra-a-violencia-infantil","status":"publish","type":"post","link":"https:\/\/sorridents.com.br\/business\/campanha-contra-a-violencia-infantil\/","title":{"rendered":"Campanha contra a Viol\u00eancia Infantil"},"content":{"rendered":"<p style=\"text-align:center\"><strong><span style=\"color:#008080\">\u201cViol\u00eancia \u00e9 Covardia \u2013 crescer sem viol\u00eancia \u00e9 direito fundamental das crian\u00e7as e adolescentes\u201d.\u00a0<\/span><br \/>\n<\/strong><\/p>\n<p><a href=\"https:\/\/sorridents.com.br\/business\/wp-content\/uploads\/2011\/10\/929117_22204583.jpg\"><img loading=\"lazy\" class=\"aligncenter size-medium wp-image-4699\" title=\"929117_22204583\" src=\"https:\/\/sorridents.com.br\/business\/wp-content\/uploads\/2011\/10\/929117_22204583.jpg?w=300\" alt=\"\" width=\"300\" height=\"241\" srcset=\"https:\/\/sorridents.com.br\/business\/wp-content\/uploads\/sites\/2\/2011\/10\/929117_22204583.jpg 1024w, https:\/\/sorridents.com.br\/business\/wp-content\/uploads\/sites\/2\/2011\/10\/929117_22204583-250x201.jpg 250w, https:\/\/sorridents.com.br\/business\/wp-content\/uploads\/sites\/2\/2011\/10\/929117_22204583-700x564.jpg 700w, https:\/\/sorridents.com.br\/business\/wp-content\/uploads\/sites\/2\/2011\/10\/929117_22204583-768x619.jpg 768w, https:\/\/sorridents.com.br\/business\/wp-content\/uploads\/sites\/2\/2011\/10\/929117_22204583-120x97.jpg 120w\" sizes=\"(max-width: 300px) 100vw, 300px\" \/><\/a><\/p>\n<p style=\"text-align:center\"><span style=\"color:#333333\">Na semana do dia das crian\u00e7as, a Sociedade Brasileira de Pediatria lan\u00e7a a campanha<strong> \u201cViol\u00eancia \u00e9 Covardia \u2013 crescer sem viol\u00eancia \u00e9 direito fundamental das crian\u00e7as e adolescentes\u201d. \u00a0<\/strong><\/span><\/p>\n<p style=\"text-align:center\"><span style=\"color:#333333\">Esse problema ainda assombra o mundo, e \u00e9 a principal causa da morte de crian\u00e7as e adolescentes. <em>\u201cCerca de 70% dos casos ocorrem dentro das casas, considerados ambientes &#8216;sagrados&#8217; \u2013 e por isso faltam estimativas que abranjam o territ\u00f3rio brasileiro\u201d<\/em>, diz Rachel Niskier Sanchez, coordenadora da campanha. A primeira causa de viol\u00eancia \u00e9 a negligencia seguida da agress\u00e3o f\u00edsica, segundo Rachel.<\/span><\/p>\n<p style=\"text-align:center\"><span style=\"color:#333333\">A inten\u00e7\u00e3o da campanha \u00e9 mostrar que \u00e9 poss\u00edvel educar sem viol\u00eancia. <\/span><\/p>\n<p style=\"text-align:center\"><span style=\"color:#333333\">Crescer em um ambiente violento pode causar a essas crian\u00e7as danos irrevers\u00edveis.<\/span><\/p>\n<p style=\"text-align:center\"><strong><span style=\"color:#ff0000\">Quem souber de algum caso de abuso, pode denunciar para o <span style=\"text-decoration:underline\">n\u00famero 100<\/span> \u2014 a notifica\u00e7\u00e3o pode ser an\u00f4nima.<\/span><\/strong><\/p>\n<p style=\"text-align:center\"><span style=\"color:#333333\">Quem sabe um dia, poderemos comemorar o Dia das Crian\u00e7as onde todos ter\u00e3o a chance de ser crian\u00e7as, felizes!<\/span><\/p>\n<p style=\"text-align:center\"><span style=\"color:#333333\"><strong>Vale a pena refletir!<\/strong><\/span> \ud83d\ude09<\/p>\n<p style=\"text-align:center\">\n<p style=\"text-align:left\"><span style=\"color:#808080\">Fonte: veja.abril.com.br<\/span><\/p>\n","protected":false},"excerpt":{"rendered":"\u201cViol\u00eancia \u00e9 Covardia \u2013 crescer sem viol\u00eancia \u00e9 direito fundamental das crian\u00e7as e adolescentes\u201d.\u00a0 Na semana do dia das crian\u00e7as, a Sociedade Brasileira de Pediatria lan\u00e7a a campanha \u201cViol\u00eancia \u00e9 Covardia \u2013 crescer sem viol\u00eancia \u00e9 direito fundamental das crian\u00e7as e adolescentes\u201d. \u00a0 Esse problema ainda assombra o mundo, e \u00e9 a principal causa da&#8230; <a class=\"view-article\" href=\"https:\/\/sorridents.com.br\/business\/campanha-contra-a-violencia-infantil\/\">Ver artigo<\/a>","protected":false},"author":19,"featured_media":0,"comment_status":"open","ping_status":"open","sticky":false,"template":"","format":"standard","meta":[],"categories":[1],"tags":[174,567],"acf":[],"_links":{"self":[{"href":"https:\/\/sorridents.com.br\/business\/wp-json\/wp\/v2\/posts\/4698"}],"collection":[{"href":"https:\/\/sorridents.com.br\/business\/wp-json\/wp\/v2\/posts"}],"about":[{"href":"https:\/\/sorridents.com.br\/business\/wp-json\/wp\/v2\/types\/post"}],"author":[{"embeddable":true,"href":"https:\/\/sorridents.com.br\/business\/wp-json\/wp\/v2\/users\/19"}],"replies":[{"embeddable":true,"href":"https:\/\/sorridents.com.br\/business\/wp-json\/wp\/v2\/comments?post=4698"}],"version-history":[{"count":0,"href":"https:\/\/sorridents.com.br\/business\/wp-json\/wp\/v2\/posts\/4698\/revisions"}],"wp:attachment":[{"href":"https:\/\/sorridents.com.br\/business\/wp-json\/wp\/v2\/media?parent=4698"}],"wp:term":[{"taxonomy":"category","embeddable":true,"href":"https:\/\/sorridents.com.br\/business\/wp-json\/wp\/v2\/categories?post=4698"},{"taxonomy":"post_tag","embeddable":true,"href":"https:\/\/sorridents.com.br\/business\/wp-json\/wp\/v2\/tags?post=4698"}],"curies":[{"name":"wp","href":"https:\/\/api.w.org\/{rel}","templated":true}]}}