{"id":4471,"date":"2011-09-08T20:09:02","date_gmt":"2011-09-08T20:09:02","guid":{"rendered":"http:\/\/sorridentsfranchising.wordpress.com\/?p=4471"},"modified":"2011-09-08T20:09:02","modified_gmt":"2011-09-08T20:09:02","slug":"dra-carla-ministra-palestra-em-campinas","status":"publish","type":"post","link":"https:\/\/sorridents.com.br\/business\/dra-carla-ministra-palestra-em-campinas\/","title":{"rendered":"Dra. Carla ministra palestra em Campinas"},"content":{"rendered":"<p><a href=\"https:\/\/sorridents.com.br\/business\/wp-content\/uploads\/2011\/09\/img114.jpg\"><img loading=\"lazy\" class=\"aligncenter size-medium wp-image-4472\" title=\"IMG114\" src=\"https:\/\/sorridents.com.br\/business\/wp-content\/uploads\/2011\/09\/img114.jpg?w=300\" alt=\"\" width=\"300\" height=\"225\" \/><\/a><\/p>\n<p align=\"center\"><em><strong>Diversos projetos sociais embalam o sucesso da Sorridents, que esta no mercado h\u00e1 mais de 16 anos e conserva em suas rela\u00e7\u00f5es transpar\u00eancia e respeito com os seus clientes.<\/strong><\/em><\/p>\n<p align=\"center\"><em>Com o intuito de continuar essa corrente do bem, a Dra. Carla Sarni presidente da Sorridents, proferiu essa semana duas palestras para as Diretorias de ensino de Campinas LESTE e OESTE.<\/em><\/p>\n<p align=\"center\"><em>A Palestra que tem como tema \u201cHigiene e sa\u00fade bucal\u201d mostra aos diretores que levar conhecimento a popula\u00e7\u00e3o e as crian\u00e7as em especial, pode ser o primeiro passo para a constru\u00e7\u00e3o de uma sociedade mais conscientizada. <\/em><\/p>\n<p align=\"center\"><strong><em>Confira algumas fotos:<\/em><\/strong><\/p>\n<p align=\"center\">[slideshow]<\/p>\n","protected":false},"excerpt":{"rendered":"Diversos projetos sociais embalam o sucesso da Sorridents, que esta no mercado h\u00e1 mais de 16 anos e conserva em suas rela\u00e7\u00f5es transpar\u00eancia e respeito com os seus clientes. Com o intuito de continuar essa corrente do bem, a Dra. Carla Sarni presidente da Sorridents, proferiu essa semana duas palestras para as Diretorias de ensino&#8230; <a class=\"view-article\" href=\"https:\/\/sorridents.com.br\/business\/dra-carla-ministra-palestra-em-campinas\/\">Ver artigo<\/a>","protected":false},"author":19,"featured_media":0,"comment_status":"open","ping_status":"open","sticky":false,"template":"","format":"standard","meta":[],"categories":[1],"tags":[477,570],"acf":[],"_links":{"self":[{"href":"https:\/\/sorridents.com.br\/business\/wp-json\/wp\/v2\/posts\/4471"}],"collection":[{"href":"https:\/\/sorridents.com.br\/business\/wp-json\/wp\/v2\/posts"}],"about":[{"href":"https:\/\/sorridents.com.br\/business\/wp-json\/wp\/v2\/types\/post"}],"author":[{"embeddable":true,"href":"https:\/\/sorridents.com.br\/business\/wp-json\/wp\/v2\/users\/19"}],"replies":[{"embeddable":true,"href":"https:\/\/sorridents.com.br\/business\/wp-json\/wp\/v2\/comments?post=4471"}],"version-history":[{"count":0,"href":"https:\/\/sorridents.com.br\/business\/wp-json\/wp\/v2\/posts\/4471\/revisions"}],"wp:attachment":[{"href":"https:\/\/sorridents.com.br\/business\/wp-json\/wp\/v2\/media?parent=4471"}],"wp:term":[{"taxonomy":"category","embeddable":true,"href":"https:\/\/sorridents.com.br\/business\/wp-json\/wp\/v2\/categories?post=4471"},{"taxonomy":"post_tag","embeddable":true,"href":"https:\/\/sorridents.com.br\/business\/wp-json\/wp\/v2\/tags?post=4471"}],"curies":[{"name":"wp","href":"https:\/\/api.w.org\/{rel}","templated":true}]}}